{"id":2958,"date":"2025-08-19T08:12:22","date_gmt":"2025-08-19T06:12:22","guid":{"rendered":"https:\/\/botanicnivrt.um.si\/?p=2958"},"modified":"2025-08-19T08:12:22","modified_gmt":"2025-08-19T06:12:22","slug":"pepelka-in-carobna-kocija","status":"publish","type":"post","link":"http:\/\/botanicnivrt.um.si\/?p=2958","title":{"rendered":"Pepelka in \u010darobna ko\u010dija"},"content":{"rendered":"<p>Vljudno vabljeni na glasbeno plesni dogodek, ki se bo v botani\u010dnem vrtu odvijal v nedeljo, 14. septembra 2025, z za\u010detkom ob 17.00.<\/p>\n<div class=\"x14z9mp xat24cr x1lziwak x1vvkbs xtlvy1s\">\n<div class=\"x14z9mp xat24cr x1lziwak x1vvkbs xtlvy1s\">Do\u017eivite edinstveno poletno izvedbo priljubljene pravljice na enem najlep\u0161ih vrtnih prizori\u0161\u010d Slovenije. Edinstveno do\u017eivetje v prekrasnem ambientu ro\u017enega vrta v \u00a0Botani\u010dnem vrtu Univerze v Mariboru, v katerega bo prispela Pepelka v \u010darobni ko\u010diji in zaplesala s svojim princem!<\/div>\n<div><\/div>\n<div class=\"x14z9mp xat24cr x1lziwak x1vvkbs xtlvy1s\">Pravljica je interaktivno zasnovana ter primerna za vse generacije, tudi za najmlaj\u0161e gledalce od 4. leta starosti. Po izvedbi bo za obiskovalce predstave mo\u017eno brezpla\u010dno slikanje ob Pepelkini ko\u010diji. Zdru\u017eitev vrhunske glasbene in plesne izvedbe v prekrasnem ambientu pravljico prika\u017ee na edinstven na\u010din. Glasbena zasnova pravljice temelji na izbranih biserih klasi\u010dne glasbe, tanga in mjuzikla.<\/div>\n<div><\/div>\n<div class=\"x14z9mp xat24cr x1lziwak x1vvkbs xtlvy1s\">Trajanje izvedbe: 45 minut<\/div>\n<\/div>\n<div class=\"x14z9mp xat24cr x1lziwak x1vvkbs xtlvy1s\">Predstava je primerna za dru\u017eine z otroci od 4. leta dalje.<\/div>\n<div><\/div>\n<div class=\"x14z9mp xat24cr x1lziwak x1vvkbs xtlvy1s\">Izvajalci:<\/div>\n<div class=\"x14z9mp xat24cr x1lziwak x1vvkbs xtlvy1s\"><span class=\"html-span xexx8yu xyri2b x18d9i69 x1c1uobl x1hl2dhg x16tdsg8 x1vvkbs x3nfvp2 x1j61x8r x1fcty0u xdj266r xat24cr xm2jcoa x1mpyi22 xxymvpz xlup9mm x1kky2od\"><img loading=\"lazy\" decoding=\"async\" class=\"xz74otr x15mokao x1ga7v0g x16uus16 xbiv7yw\" src=\"https:\/\/static.xx.fbcdn.net\/images\/emoji.php\/v9\/t4b\/1\/16\/1f3bb.png\" alt=\"\ud83c\udfbb\" width=\"16\" height=\"16\" \/><\/span>\u00a0Inga Ulokina \u2013 violina, umetni\u0161ko vodstvo<br class=\"html-br\" \/><span class=\"html-span xexx8yu xyri2b x18d9i69 x1c1uobl x1hl2dhg x16tdsg8 x1vvkbs x3nfvp2 x1j61x8r x1fcty0u xdj266r xat24cr xm2jcoa x1mpyi22 xxymvpz xlup9mm x1kky2od\"><img loading=\"lazy\" decoding=\"async\" class=\"xz74otr x15mokao x1ga7v0g x16uus16 xbiv7yw\" src=\"https:\/\/static.xx.fbcdn.net\/images\/emoji.php\/v9\/ta2\/1\/16\/1f3b9.png\" alt=\"\ud83c\udfb9\" width=\"16\" height=\"16\" \/><\/span>\u00a0Olga Ulokina \u2013 klavir, aran\u017emaji<br class=\"html-br\" \/><span class=\"html-span xexx8yu xyri2b x18d9i69 x1c1uobl x1hl2dhg x16tdsg8 x1vvkbs x3nfvp2 x1j61x8r x1fcty0u xdj266r xat24cr xm2jcoa x1mpyi22 xxymvpz xlup9mm x1kky2od\"><img loading=\"lazy\" decoding=\"async\" class=\"xz74otr x15mokao x1ga7v0g x16uus16 xbiv7yw\" src=\"https:\/\/static.xx.fbcdn.net\/images\/emoji.php\/v9\/t8e\/1\/16\/1f941.png\" alt=\"\ud83e\udd41\" width=\"16\" height=\"16\" \/><\/span>\u00a0Tja\u0161a Sroti\u010d \u2013 tolkala<\/div>\n<div class=\"x14z9mp xat24cr x1lziwak x1vvkbs xtlvy1s\"><span class=\"html-span xexx8yu xyri2b x18d9i69 x1c1uobl x1hl2dhg x16tdsg8 x1vvkbs x3nfvp2 x1j61x8r x1fcty0u xdj266r xat24cr xm2jcoa x1mpyi22 xxymvpz xlup9mm x1kky2od\"><img loading=\"lazy\" decoding=\"async\" class=\"xz74otr x15mokao x1ga7v0g x16uus16 xbiv7yw\" src=\"https:\/\/static.xx.fbcdn.net\/images\/emoji.php\/v9\/t12\/1\/16\/1fa70.png\" alt=\"\ud83e\ude70\" width=\"16\" height=\"16\" \/><\/span>\u00a0Posebna gostja: Galina \u010cajka Kuhar, primabalerina SNG Maribor<\/div>\n<div><\/div>\n<div class=\"x14z9mp xat24cr x1lziwak x1vvkbs xtlvy1s\">Baletni sestav:<\/div>\n<div class=\"x14z9mp xat24cr x1lziwak x1vvkbs xtlvy1s\">Relja Tomovi\u0107, Marisa \u010cajka Kuhar, Nika Jelen, Julija Grilanc, Kaja Dobravc, Svit Sal\u010dnik<\/div>\n<div class=\"x14z9mp xat24cr x1lziwak x1vvkbs xtlvy1s\">Sodobni ples: Mia Lovren\u010dak<\/div>\n<div class=\"x14z9mp xat24cr x1lziwak x1vvkbs xtlvy1s\">Karakterni ples: Ma\u0161a Kol\u0161ek<\/div>\n<div class=\"x14z9mp xat24cr x1lziwak x1vvkbs xtlvy1s\">Histori\u010dni ples: Nataliya Vasilyeva, Mitja Vaupoti\u010d<\/div>\n<div class=\"x14z9mp xat24cr x1lziwak x1vvkbs xtlvy1s\">Kostumografija: Karrik design &amp; Flame&amp;Co.<\/div>\n<div class=\"x14z9mp xat24cr x1lziwak x1vvkbs xtlvy1s\"><\/div>\n<div><\/div>\n<div>Vstopnice za dogodek je mo\u017eno kupiti na povezavi:<br class=\"html-br\" \/><a class=\"x1i10hfl xjbqb8w x1ejq31n x18oe1m7 x1sy0etr xstzfhl x972fbf x10w94by x1qhh985 x14e42zd x9f619 x1ypdohk xt0psk2 x3ct3a4 xdj266r x14z9mp xat24cr x1lziwak xexx8yu xyri2b x18d9i69 x1c1uobl x16tdsg8 x1hl2dhg xggy1nq x1a2a7pz xkrqix3 x1sur9pj x1fey0fg x1s688f\" tabindex=\"0\" role=\"link\" href=\"https:\/\/www.mojekarte.si\/si\/pepelka-in-carobna-kocija\/vstopnice-1201941.html?fbclid=IwZXh0bgNhZW0CMTAAYnJpZBEwNHhYdmFBYTNaZ2ZsREhTagEeuUp3Vpgv6dXU9JtaNeaT4jFWZOHeeB4arZRjEr_6WooqVrM4UCsfMv9gedc_aem_xyMCbBEzuOJLISIBFKfVhQ\" target=\"_blank\" rel=\"nofollow noopener noreferrer\">https:\/\/www.mojekarte.si\/&#8230;\/pepel&#8230;\/vstopnice-1201941.html<\/a><\/div>\n<div><\/div>\n<div class=\"x14z9mp xat24cr x1lziwak x1vvkbs xtlvy1s\">Obiskovalci ste vabljeni, da ste na prizori\u0161\u010du spro\u0161\u010deni &#8211; sabo lahko prinesete piknik dekice in prigrizke ter pija\u010do. V vrtu lahko po zaklju\u010dku predstave ostanete do 19.00 ure.\u00a0Vstop s psom ni mo\u017een.<\/div>\n","protected":false},"excerpt":{"rendered":"<p>Vljudno vabljeni na glasbeno plesni dogodek, ki se bo v botani\u010dnem vrtu odvijal v nedeljo, 14. septembra 2025, z za\u010detkom ob 17.00. Do\u017eivite edinstveno poletno izvedbo priljubljene pravljice na enem najlep\u0161ih vrtnih prizori\u0161\u010d Slovenije. Edinstveno do\u017eivetje v prekrasnem ambientu ro\u017enega vrta v \u00a0Botani\u010dnem vrtu Univerze v Mariboru, v katerega bo prispela Pepelka v \u010darobni ko\u010diji [&hellip;]<\/p>\n","protected":false},"author":3,"featured_media":2225,"comment_status":"open","ping_status":"open","sticky":false,"template":"","format":"standard","meta":{"footnotes":""},"categories":[83],"tags":[],"class_list":["post-2958","post","type-post","status-publish","format-standard","has-post-thumbnail","hentry","category-novice"],"_links":{"self":[{"href":"http:\/\/botanicnivrt.um.si\/index.php?rest_route=\/wp\/v2\/posts\/2958","targetHints":{"allow":["GET"]}}],"collection":[{"href":"http:\/\/botanicnivrt.um.si\/index.php?rest_route=\/wp\/v2\/posts"}],"about":[{"href":"http:\/\/botanicnivrt.um.si\/index.php?rest_route=\/wp\/v2\/types\/post"}],"author":[{"embeddable":true,"href":"http:\/\/botanicnivrt.um.si\/index.php?rest_route=\/wp\/v2\/users\/3"}],"replies":[{"embeddable":true,"href":"http:\/\/botanicnivrt.um.si\/index.php?rest_route=%2Fwp%2Fv2%2Fcomments&post=2958"}],"version-history":[{"count":1,"href":"http:\/\/botanicnivrt.um.si\/index.php?rest_route=\/wp\/v2\/posts\/2958\/revisions"}],"predecessor-version":[{"id":2959,"href":"http:\/\/botanicnivrt.um.si\/index.php?rest_route=\/wp\/v2\/posts\/2958\/revisions\/2959"}],"wp:featuredmedia":[{"embeddable":true,"href":"http:\/\/botanicnivrt.um.si\/index.php?rest_route=\/wp\/v2\/media\/2225"}],"wp:attachment":[{"href":"http:\/\/botanicnivrt.um.si\/index.php?rest_route=%2Fwp%2Fv2%2Fmedia&parent=2958"}],"wp:term":[{"taxonomy":"category","embeddable":true,"href":"http:\/\/botanicnivrt.um.si\/index.php?rest_route=%2Fwp%2Fv2%2Fcategories&post=2958"},{"taxonomy":"post_tag","embeddable":true,"href":"http:\/\/botanicnivrt.um.si\/index.php?rest_route=%2Fwp%2Fv2%2Ftags&post=2958"}],"curies":[{"name":"wp","href":"https:\/\/api.w.org\/{rel}","templated":true}]}}