{"id":2968,"date":"2025-10-13T09:23:14","date_gmt":"2025-10-13T07:23:14","guid":{"rendered":"https:\/\/botanicnivrt.um.si\/?p=2968"},"modified":"2025-10-13T09:23:14","modified_gmt":"2025-10-13T07:23:14","slug":"pravilno-obrezovanje-dreves","status":"publish","type":"post","link":"http:\/\/botanicnivrt.um.si\/?p=2968","title":{"rendered":"Pravilno obrezovanje dreves"},"content":{"rendered":"<p>Mestna ob\u010dina Maribor pripravlja brezpla\u010dne izobra\u017eevalne delavnice s prakti\u010dnim prikazom o\u00a0<strong>pravilnem obrezovanju dreves<\/strong>, ki bodo potekale pod vodstvom izku\u0161enih strokovnjakov iz <strong>Botani\u010dnega vrta Univerze v Mariboru, Fakultete za kmetijstvo in biosistemske vede<\/strong>.<\/p>\n<p><strong>Teoreti\u010dni del delavnic:<\/strong><\/p>\n<ul>\n<li><strong>\u010cetrtek, 16. 10. 2025 ob 10.00<\/strong><br \/>\nLokacija:\u00a0<strong>KS Pekre,\u00a0<\/strong>Bezjakova 4, 2341 Limbu\u0161<\/li>\n<li><strong>Torek, 21. 10. 2025 ob 17.00<\/strong><br \/>\nLokacija:\u00a0<strong>M\u010c Pobre\u017eje,\u00a0<\/strong>Kosovelova ulica 11, 2000 Maribor<\/li>\n<\/ul>\n<p><strong>Prakti\u010dni del z demonstracijo rezi:<\/strong><\/p>\n<ul>\n<li><strong>\u010cetrtek, 6. 11. 2025<\/strong>ob 10.00<br \/>\n(V primeru slabega vremena bo delavnica prestavljena na\u00a0<strong>petek, 7. 11. 2025<\/strong>)<br \/>\nLokacija:\u00a0<strong>Botani\u010dni vrt Univerze v Mariboru,\u00a0<\/strong>Pivola 10, 2311 Ho\u010de<\/li>\n<\/ul>\n<p>Delavnice so namenjene\u00a0<strong>vsem zainteresiranim ob\u010danom<\/strong>, ljubiteljem narave, vrti\u010dkarjem, stanovalcem mestnih \u010detrti in vsem, ki vas zanima pravilna nega dreves v va\u0161em okolju.<\/p>\n<p><strong>Udele\u017eba je brezpla\u010dna, predhodna prijava je potrebna na tej povezavi, saj je \u0161tevilo mest omejeno:\u00a0<\/strong><a href=\"https:\/\/doodle.com\/sign-up-sheet\/participate\/816be20f-3f6d-4b0c-b372-4da674a6cbee\/select\"><strong>https:\/\/doodle.com\/sign-up-sheet\/participate\/816be20f-3f6d-4b0c-b372-4da674a6cbee\/select<\/strong><\/a><\/p>\n<p>Veselimo se va\u0161e udele\u017ebe!<\/p>\n","protected":false},"excerpt":{"rendered":"<p>Mestna ob\u010dina Maribor pripravlja brezpla\u010dne izobra\u017eevalne delavnice s prakti\u010dnim prikazom o\u00a0pravilnem obrezovanju dreves, ki bodo potekale pod vodstvom izku\u0161enih strokovnjakov iz Botani\u010dnega vrta Univerze v Mariboru, Fakultete za kmetijstvo in biosistemske vede. Teoreti\u010dni del delavnic: \u010cetrtek, 16. 10. 2025 ob 10.00 Lokacija:\u00a0KS Pekre,\u00a0Bezjakova 4, 2341 Limbu\u0161 Torek, 21. 10. 2025 ob 17.00 Lokacija:\u00a0M\u010c Pobre\u017eje,\u00a0Kosovelova ulica [&hellip;]<\/p>\n","protected":false},"author":3,"featured_media":2969,"comment_status":"open","ping_status":"open","sticky":false,"template":"","format":"standard","meta":{"footnotes":""},"categories":[83],"tags":[],"class_list":["post-2968","post","type-post","status-publish","format-standard","has-post-thumbnail","hentry","category-novice"],"_links":{"self":[{"href":"http:\/\/botanicnivrt.um.si\/index.php?rest_route=\/wp\/v2\/posts\/2968","targetHints":{"allow":["GET"]}}],"collection":[{"href":"http:\/\/botanicnivrt.um.si\/index.php?rest_route=\/wp\/v2\/posts"}],"about":[{"href":"http:\/\/botanicnivrt.um.si\/index.php?rest_route=\/wp\/v2\/types\/post"}],"author":[{"embeddable":true,"href":"http:\/\/botanicnivrt.um.si\/index.php?rest_route=\/wp\/v2\/users\/3"}],"replies":[{"embeddable":true,"href":"http:\/\/botanicnivrt.um.si\/index.php?rest_route=%2Fwp%2Fv2%2Fcomments&post=2968"}],"version-history":[{"count":1,"href":"http:\/\/botanicnivrt.um.si\/index.php?rest_route=\/wp\/v2\/posts\/2968\/revisions"}],"predecessor-version":[{"id":2970,"href":"http:\/\/botanicnivrt.um.si\/index.php?rest_route=\/wp\/v2\/posts\/2968\/revisions\/2970"}],"wp:featuredmedia":[{"embeddable":true,"href":"http:\/\/botanicnivrt.um.si\/index.php?rest_route=\/wp\/v2\/media\/2969"}],"wp:attachment":[{"href":"http:\/\/botanicnivrt.um.si\/index.php?rest_route=%2Fwp%2Fv2%2Fmedia&parent=2968"}],"wp:term":[{"taxonomy":"category","embeddable":true,"href":"http:\/\/botanicnivrt.um.si\/index.php?rest_route=%2Fwp%2Fv2%2Fcategories&post=2968"},{"taxonomy":"post_tag","embeddable":true,"href":"http:\/\/botanicnivrt.um.si\/index.php?rest_route=%2Fwp%2Fv2%2Ftags&post=2968"}],"curies":[{"name":"wp","href":"https:\/\/api.w.org\/{rel}","templated":true}]}}