{"id":3005,"date":"2026-01-03T12:48:52","date_gmt":"2026-01-03T11:48:52","guid":{"rendered":"https:\/\/botanicnivrt.um.si\/?p=3005"},"modified":"2026-01-09T11:46:49","modified_gmt":"2026-01-09T10:46:49","slug":"praznicni-odpiralni-cas","status":"publish","type":"post","link":"http:\/\/botanicnivrt.um.si\/?p=3005","title":{"rendered":"Obisk vrta v zimskem \u010dasu"},"content":{"rendered":"<p>Botani\u010dni vrt Univerze v Mariboru tudi pozimi ostaja odprt za oglede.<\/p>\n<p>Letos nam je narava po nekajletnem premoru spet namenila nekaj snega, zaradi katerega je v vrtu prav \u010darobno.<\/p>\n<p>Za obisk vrta priporo\u010damo primerno obutev, saj so poti po vrtu zasne\u017eene. Obiskovalce opozarjamo na mo\u017enost zdrsa in padca. Zaradi nizkih temperatur v neogrevani ve\u010dnamenski stavbi ne delujejo sanitarije niti ni mo\u017eno uporabljati avtomata za kavo.<\/p>\n<p><strong>Urnik\u00a0 ogledov vrta in obratovalni \u010das prodajalne na vhodu v botani\u010dni vrt:<\/strong><\/p>\n<p><strong>vsak dan, od ponedeljka do sobote, med 9.00 in 16.00 uro.<\/strong><\/p>\n<p><strong>V primeru ogro\u017eene varnosti obiskovalcev vrta bomo vrt za oglede zaprli. Hvala za razumevanje.<\/strong><\/p>\n<p>&nbsp;<\/p>\n<p>&nbsp;<\/p>\n<p>&nbsp;<\/p>\n","protected":false},"excerpt":{"rendered":"<p>Botani\u010dni vrt Univerze v Mariboru tudi pozimi ostaja odprt za oglede. Letos nam je narava po nekajletnem premoru spet namenila nekaj snega, zaradi katerega je v vrtu prav \u010darobno. Za obisk vrta priporo\u010damo primerno obutev, saj so poti po vrtu zasne\u017eene. Obiskovalce opozarjamo na mo\u017enost zdrsa in padca. Zaradi nizkih temperatur v neogrevani ve\u010dnamenski stavbi [&hellip;]<\/p>\n","protected":false},"author":3,"featured_media":3025,"comment_status":"open","ping_status":"open","sticky":false,"template":"","format":"standard","meta":{"footnotes":""},"categories":[83],"tags":[],"class_list":["post-3005","post","type-post","status-publish","format-standard","has-post-thumbnail","hentry","category-novice"],"_links":{"self":[{"href":"http:\/\/botanicnivrt.um.si\/index.php?rest_route=\/wp\/v2\/posts\/3005","targetHints":{"allow":["GET"]}}],"collection":[{"href":"http:\/\/botanicnivrt.um.si\/index.php?rest_route=\/wp\/v2\/posts"}],"about":[{"href":"http:\/\/botanicnivrt.um.si\/index.php?rest_route=\/wp\/v2\/types\/post"}],"author":[{"embeddable":true,"href":"http:\/\/botanicnivrt.um.si\/index.php?rest_route=\/wp\/v2\/users\/3"}],"replies":[{"embeddable":true,"href":"http:\/\/botanicnivrt.um.si\/index.php?rest_route=%2Fwp%2Fv2%2Fcomments&post=3005"}],"version-history":[{"count":3,"href":"http:\/\/botanicnivrt.um.si\/index.php?rest_route=\/wp\/v2\/posts\/3005\/revisions"}],"predecessor-version":[{"id":3026,"href":"http:\/\/botanicnivrt.um.si\/index.php?rest_route=\/wp\/v2\/posts\/3005\/revisions\/3026"}],"wp:featuredmedia":[{"embeddable":true,"href":"http:\/\/botanicnivrt.um.si\/index.php?rest_route=\/wp\/v2\/media\/3025"}],"wp:attachment":[{"href":"http:\/\/botanicnivrt.um.si\/index.php?rest_route=%2Fwp%2Fv2%2Fmedia&parent=3005"}],"wp:term":[{"taxonomy":"category","embeddable":true,"href":"http:\/\/botanicnivrt.um.si\/index.php?rest_route=%2Fwp%2Fv2%2Fcategories&post=3005"},{"taxonomy":"post_tag","embeddable":true,"href":"http:\/\/botanicnivrt.um.si\/index.php?rest_route=%2Fwp%2Fv2%2Ftags&post=3005"}],"curies":[{"name":"wp","href":"https:\/\/api.w.org\/{rel}","templated":true}]}}