{"id":3043,"date":"2026-02-26T15:29:32","date_gmt":"2026-02-26T14:29:32","guid":{"rendered":"https:\/\/botanicnivrt.um.si\/?p=3043"},"modified":"2026-02-26T15:29:32","modified_gmt":"2026-02-26T14:29:32","slug":"zvonckijada-2026","status":"publish","type":"post","link":"http:\/\/botanicnivrt.um.si\/?p=3043","title":{"rendered":"Zvon\u010dkijada 2026"},"content":{"rendered":"<p>Vabimo vas na dogodek: \u00a0<strong>ZVON\u010cKIJADA 2026 v Botani\u010dnem vrtu UM\u00a0<\/strong><\/p>\n<p>Datum: 27. februar 2026<\/p>\n<p>Kraj: Botani\u010dni vrt UM<\/p>\n<p>Ura: 9.30 uri (\u010das trajanja: do 11.00 ure)<\/p>\n<p>Organizator: Hortikulturno dru\u0161tvo Maribor, v sodelovanju z VSGT Maribor, Botani\u010dnim vrtom UM, Dru\u0161tvom ljubiteljev Botani\u010dnega vrta UM in EUROPARK Maribor<\/p>\n<p>Povzetek: Zvon\u010dki veljajo za prve znanilce pomladi. V Sloveniji naravno raste ena sama vrsta iz rodu zvon\u010dki, in sicer navadni mali zvon\u010dek (Galantus nivalis). V Sloveniji je splo\u0161no raz\u0161irjen in zavarovan.<\/p>\n<p>Opis: ZVON\u010cKIJADA 2026 je trajnostno-turisti\u010dni dogodek, ki v ospredje postavlja ene prvih znanilcev pomladi &#8211; zvon\u010dke. V Botani\u010dnem vrtu UM, ki je med drugim tudi u\u010dni poligon \u0161tudentov Fakultete za kmetijstvo in biosistemske vede, jih te dni najdemo veliko. To, kar je pri nas v naravi pogosto videno in ob\u010dudovano, je drugje redko in dragoceno. \u010cebulice zvon\u010dkov v Veliki Britaniji dosegajo vrtoglave cene, med 500 in 1.000 funtov. V Sloveniji so zvon\u010dki v naravi za\u0161\u010diteni z ve\u010d predpisi. Kaj je dovoljeno in kaj ni, boste izvedeli na brezpla\u010dnem vodenju po Botani\u010dnem vrtu UM.<\/p>\n<p>&nbsp;<\/p>\n<p>Izvajalec: Borut Ambro\u017ei\u010d (Hortikulturno dru\u0161tvo Maribor) in Meta Pivec (Botani\u010dni vrt UM).<\/p>\n<p>Kontakt: Borut Ambro\u017ei\u010d, tel: 031 680 301, <a href=\"mailto:ambrozicborut2@gmail.Com\">ambrozicborut2@gmail.Com<\/a><\/p>\n","protected":false},"excerpt":{"rendered":"<p>Vabimo vas na dogodek: \u00a0ZVON\u010cKIJADA 2026 v Botani\u010dnem vrtu UM\u00a0 Datum: 27. februar 2026 Kraj: Botani\u010dni vrt UM Ura: 9.30 uri (\u010das trajanja: do 11.00 ure) Organizator: Hortikulturno dru\u0161tvo Maribor, v sodelovanju z VSGT Maribor, Botani\u010dnim vrtom UM, Dru\u0161tvom ljubiteljev Botani\u010dnega vrta UM in EUROPARK Maribor Povzetek: Zvon\u010dki veljajo za prve znanilce pomladi. V Sloveniji [&hellip;]<\/p>\n","protected":false},"author":3,"featured_media":1736,"comment_status":"open","ping_status":"open","sticky":false,"template":"","format":"standard","meta":{"footnotes":""},"categories":[83],"tags":[],"class_list":["post-3043","post","type-post","status-publish","format-standard","has-post-thumbnail","hentry","category-novice"],"_links":{"self":[{"href":"http:\/\/botanicnivrt.um.si\/index.php?rest_route=\/wp\/v2\/posts\/3043","targetHints":{"allow":["GET"]}}],"collection":[{"href":"http:\/\/botanicnivrt.um.si\/index.php?rest_route=\/wp\/v2\/posts"}],"about":[{"href":"http:\/\/botanicnivrt.um.si\/index.php?rest_route=\/wp\/v2\/types\/post"}],"author":[{"embeddable":true,"href":"http:\/\/botanicnivrt.um.si\/index.php?rest_route=\/wp\/v2\/users\/3"}],"replies":[{"embeddable":true,"href":"http:\/\/botanicnivrt.um.si\/index.php?rest_route=%2Fwp%2Fv2%2Fcomments&post=3043"}],"version-history":[{"count":1,"href":"http:\/\/botanicnivrt.um.si\/index.php?rest_route=\/wp\/v2\/posts\/3043\/revisions"}],"predecessor-version":[{"id":3044,"href":"http:\/\/botanicnivrt.um.si\/index.php?rest_route=\/wp\/v2\/posts\/3043\/revisions\/3044"}],"wp:featuredmedia":[{"embeddable":true,"href":"http:\/\/botanicnivrt.um.si\/index.php?rest_route=\/wp\/v2\/media\/1736"}],"wp:attachment":[{"href":"http:\/\/botanicnivrt.um.si\/index.php?rest_route=%2Fwp%2Fv2%2Fmedia&parent=3043"}],"wp:term":[{"taxonomy":"category","embeddable":true,"href":"http:\/\/botanicnivrt.um.si\/index.php?rest_route=%2Fwp%2Fv2%2Fcategories&post=3043"},{"taxonomy":"post_tag","embeddable":true,"href":"http:\/\/botanicnivrt.um.si\/index.php?rest_route=%2Fwp%2Fv2%2Ftags&post=3043"}],"curies":[{"name":"wp","href":"https:\/\/api.w.org\/{rel}","templated":true}]}}