{"id":517,"date":"2020-11-30T02:04:21","date_gmt":"2020-11-30T01:04:21","guid":{"rendered":"http:\/\/botanicnivrt.um.si\/?p=517"},"modified":"2020-11-30T13:39:34","modified_gmt":"2020-11-30T12:39:34","slug":"evropsko-teritorialno-sodelovanje-si-at","status":"publish","type":"post","link":"http:\/\/botanicnivrt.um.si\/?p=517","title":{"rendered":"EVROPSKO TERITORIALNO SODELOVANJE SI-AT"},"content":{"rendered":"<p>V Botani\u010dnem vrtu Univerze v Mariboru smo s pomo\u010djo sredstev, pridobljenih z Evropskim teritorialnim sodelovanjem, dokon\u010dali izgradnjo sadno zelenjavnega demonstracijskega vrta. V njem potekajo \u0161tevilne delavnice in izobra\u017eevanja na temo trajnostnega pridelovanja hrane.<\/p>\n<p><a href=\"http:\/\/botanicnivrt.um.si\/wp-content\/uploads\/2020\/11\/Biosimpozij2014.pdf\">Ve\u010d tukaj: Biosimpozij 2014<\/a><\/p>\n","protected":false},"excerpt":{"rendered":"<p>V Botani\u010dnem vrtu Univerze v Mariboru smo s pomo\u010djo sredstev, pridobljenih z Evropskim teritorialnim sodelovanjem, dokon\u010dali izgradnjo sadno zelenjavnega demonstracijskega vrta. V njem potekajo \u0161tevilne delavnice in izobra\u017eevanja na temo trajnostnega pridelovanja hrane. Ve\u010d tukaj: Biosimpozij 2014<\/p>\n","protected":false},"author":1,"featured_media":519,"comment_status":"closed","ping_status":"closed","sticky":false,"template":"","format":"standard","meta":{"footnotes":""},"categories":[96],"tags":[],"class_list":["post-517","post","type-post","status-publish","format-standard","has-post-thumbnail","hentry","category-mednarodni-projekti"],"_links":{"self":[{"href":"http:\/\/botanicnivrt.um.si\/index.php?rest_route=\/wp\/v2\/posts\/517","targetHints":{"allow":["GET"]}}],"collection":[{"href":"http:\/\/botanicnivrt.um.si\/index.php?rest_route=\/wp\/v2\/posts"}],"about":[{"href":"http:\/\/botanicnivrt.um.si\/index.php?rest_route=\/wp\/v2\/types\/post"}],"author":[{"embeddable":true,"href":"http:\/\/botanicnivrt.um.si\/index.php?rest_route=\/wp\/v2\/users\/1"}],"replies":[{"embeddable":true,"href":"http:\/\/botanicnivrt.um.si\/index.php?rest_route=%2Fwp%2Fv2%2Fcomments&post=517"}],"version-history":[{"count":1,"href":"http:\/\/botanicnivrt.um.si\/index.php?rest_route=\/wp\/v2\/posts\/517\/revisions"}],"predecessor-version":[{"id":520,"href":"http:\/\/botanicnivrt.um.si\/index.php?rest_route=\/wp\/v2\/posts\/517\/revisions\/520"}],"wp:featuredmedia":[{"embeddable":true,"href":"http:\/\/botanicnivrt.um.si\/index.php?rest_route=\/wp\/v2\/media\/519"}],"wp:attachment":[{"href":"http:\/\/botanicnivrt.um.si\/index.php?rest_route=%2Fwp%2Fv2%2Fmedia&parent=517"}],"wp:term":[{"taxonomy":"category","embeddable":true,"href":"http:\/\/botanicnivrt.um.si\/index.php?rest_route=%2Fwp%2Fv2%2Fcategories&post=517"},{"taxonomy":"post_tag","embeddable":true,"href":"http:\/\/botanicnivrt.um.si\/index.php?rest_route=%2Fwp%2Fv2%2Ftags&post=517"}],"curies":[{"name":"wp","href":"https:\/\/api.w.org\/{rel}","templated":true}]}}